{"id":29829,"date":"2022-07-17T14:36:31","date_gmt":"2022-07-17T14:36:31","guid":{"rendered":"https:\/\/www.art-bsa.eu\/?p=29829"},"modified":"2023-12-21T12:07:01","modified_gmt":"2023-12-21T12:07:01","slug":"obrazi-vojne-dobrote-in-orkestra","status":"publish","type":"post","link":"https:\/\/www.art-bsa.eu\/de\/2022\/07\/17\/obrazi-vojne-dobrote-in-orkestra\/","title":{"rendered":"Obrazi vojne, dobrote in orkestra"},"content":{"rendered":"<div class=\"wpb-content-wrapper\"><div id=\"ut-row-69f3f77e8c3e3\" data-vc-full-width=\"true\" data-vc-full-width-init=\"false\" class=\"vc_row wpb_row vc_row-fluid vc_column-gap-0 ut-row-69f3f77e8c3fa\" ><div class=\"wpb_column vc_column_container vc_col-sm-12\" ><div id=\"ut_inner_column_69f3f77e8cb68\" class=\"vc_column-inner\" ><div class=\"wpb_wrapper\">\r\n<style type=\"text\/css\">\r\n\r\n    \r\n    #ut-empty-space-69f3f77e8cce1 {\r\n        height: 60px    }\r\n\r\n    \r\n        @media (min-width: 768px) and (max-width: 1200px) {\r\n        #ut-empty-space-69f3f77e8cce1 {\r\n        height: 60px;\r\n        display: block;\r\n    }\r\n    }\r\n    \r\n    \r\n    @media (max-width: 767px) {\r\n        #ut-empty-space-69f3f77e8cce1 {\r\n        height: 60px;\r\n        display: block;\r\n    }\r\n    }\r\n\r\n    \r\n<\/style>\r\n\r\n<div class=\"vc_empty_space\" id=\"ut-empty-space-69f3f77e8cce1\"><span class=\"vc_empty_space_inner\"><\/span><\/div><\/div><\/div><\/div><\/div><div class=\"vc_row-full-width vc_clearfix\"><\/div><div id=\"ut-row-69f3f77e8d41d\" data-vc-full-width=\"true\" data-vc-full-width-init=\"false\" class=\"vc_row wpb_row vc_row-fluid vc_column-gap-0 ut-row-69f3f77e8d427\" ><div class=\"wpb_column vc_column_container vc_col-sm-6\" ><div id=\"ut_inner_column_69f3f77e8d9a4\" class=\"vc_column-inner\" ><div class=\"wpb_wrapper\">\r\n\t<div class=\"wpb_text_column wpb_content_element\" >\r\n\t\t<div class=\"wpb_wrapper\">\r\n\t\t\t<p>Media: Times.si<br \/>\nAutor:<br \/>\nDatum: Ned., 17. jul. 2022<br \/>\nLink: <a href=\"https:\/\/www.times.si\/a\/eb2eba23a2f50eeed8492363426f81be0bd6cad5\/\" target=\"_blank\" rel=\"noopener\">https:\/\/www.times.si\/a\/eb2eba23a2f50eeed8492363426f81be0bd6cad5\/<\/a><\/p>\n\r\n\t\t<\/div>\r\n\t<\/div>\r\n<\/div><\/div><\/div><div class=\"wpb_column vc_column_container vc_col-sm-6\" ><div id=\"ut_inner_column_69f3f77e8ddd7\" class=\"vc_column-inner\" ><div class=\"wpb_wrapper\">\r\n\t<div class=\"wpb_text_column wpb_content_element\" >\r\n\t\t<div class=\"wpb_wrapper\">\r\n\t\t\t<div class=\"dc-text-paragraph\">\n<div class=\"dc-text-paragraph\">Pianistka, dirigentka, humanitarka.\u00a0<span id=\"dc-kw-match-88\" class=\"dc-kw-match\">\u017diva Ploj Per\u0161uh<\/span>\u00a0je skupaj z mo\u017eem Tomom pred grozotami vojne v Ukrajini re\u0161ila skupaj kar 142 Ukrajincev, \u010dlanov orkestra, njihovih mam ter tudi nekaj babic in dedkov. \u0160tirinajst mladoletnih je pred streli in eksplozijami od doma zbe\u017ealo brez star\u0161ev. \u017diva in Tomo sta \u010dez no\u010d postala njihova zakonita skrbnika, slovenska star\u0161a.<\/div>\n<\/div>\n\r\n\t\t<\/div>\r\n\t<\/div>\r\n<\/div><\/div><\/div><\/div><div class=\"vc_row-full-width vc_clearfix\"><\/div><div id=\"ut-row-69f3f77e8e5a9\" data-vc-full-width=\"true\" data-vc-full-width-init=\"false\" class=\"vc_row wpb_row vc_row-fluid vc_column-gap-0 ut-row-69f3f77e8e5b2\" ><div class=\"wpb_column vc_column_container vc_col-sm-12\" ><div id=\"ut_inner_column_69f3f77e8ead0\" class=\"vc_column-inner\" ><div class=\"wpb_wrapper\">\r\n\t<div class=\"wpb_text_column wpb_content_element\" >\r\n\t\t<div class=\"wpb_wrapper\">\r\n\t\t\t<div class=\"dc-text-paragraph\">Spoznamo se v petek, 1. julija, opoldne na \u017ego\u010dem soncu v bli\u017eini\u00a0<em>SNG<\/em>\u00a0Opera in balet Ljubljana, kjer je \u017diva zaposlena.\u00a0<span id=\"dc-kw-match-540\" class=\"dc-kw-match\">\u017diva Ploj Per\u0161uh<\/span>\u00a0tudi umetni\u0161ka vodja Slovenskega nacionalnega mladinskega koncerta, skupaj z mo\u017eem Tomom Per\u0161uhom , glasbenim producentom, pripoveduje, da se je vse za\u010delo na obi\u010daji dru\u017einski ve\u010der, ko sta na televizorju videla posnetke poru\u0161ene glasbene akademije v Ukrajini, kjer so vsak dan vadili, se u\u010dili in igrali perspektivni mladi. Prav tak\u0161ni kot jih pri nas pou\u010duje \u017diva. Stopila je v kontakt z dirigentko ukrajinskega mladinskega orkestra Oksano Liniv z vpra\u0161anjem, kako naj pomagajo, Oksana pa je prosila, naj jim pomagajo iz dr\u017eave spraviti \u010dim ve\u010d mladih glasbenikom.<\/div>\n<div class=\"dc-text-paragraph\">Tomo je poklical svojega znanca iz Maribora, humanitarca Uro\u0161a Dokla , ki ima leta izku\u0161enj z begunskimi otroki iz kriznih \u017eari\u0161\u010d Bli\u017enjega vzhoda. Takoj je bil za, Mestna ob\u010dina Ljubljana pa je brez pomislekov odstopila dva avtobusa, \u0161tiri \u0161oferje in priskrbela prve za\u010dasne namestitve. V petek, 5. marca, se je slovenska humanitarna odprava podala na 800 kilometrov dolgo pot.<\/div>\n<div class=\"dc-text-paragraph\">&#8220;Zdaj so na varnem, igrajo, nazaj so dobili du\u0161o,&#8221; se prve vaje ukrajinskih glasbenikov na slovenskih tleh spominja Tomo Per\u0161uh. &#8220;Simfoni\u010dni orkester ima ponavadi dolo\u010deno zasedbo, mi smo to zasedbo pove\u010dali, raztegnili in skratka prilagodili, kolikor se je le dalo, zato da ima vsak od njih mo\u017enost nastopiti, vsak od njih iti na potovanje . \u010ce ne zmore ve\u010d kot dva tona, pa bo igral dva tona, vklju\u010denost, inkluzivnost je ta, ki je prvo vodilo v tem celotnem integracijskem procesu,&#8221; pove \u017diva Per\u0161uh Ploj.<\/div>\n<div class=\"dc-text-paragraph\">To, kar po\u010dneta \u017diva in Tomo, namre\u010d ni evakuacija, to niso samo begunci, pa\u010d pa je integracija. Celostna obravnava mladih, ki jih povezuje glasba. Ljubljana ni samo mesto, kjer na varnem \u010dakajo, da bo vojne konec, temve\u010d kraj, kjer se u\u010dijo glasbe &#8230; \u017eivljenja. Veselijo jih enake stvari in pestijo enake tegobe kot vrstnike v Sloveniji. Le da v njihovi domovini vlada kaos.<\/div>\n<div class=\"dc-text-paragraph\">Spoznali boste mlade ukrajinske glasbenike in njihove zgodbe, zgodbe o tragi\u010dnih usodah civilistov, ki so zaradi plemenitih ljudi dobile upanje, novo poglavje, perspektivo, prihodnost.<\/div>\n\r\n\t\t<\/div>\r\n\t<\/div>\r\n<\/div><\/div><\/div><\/div><div class=\"vc_row-full-width vc_clearfix\"><\/div>\n<\/div>","protected":false},"excerpt":{"rendered":"Medij: Times.si Avtorji: Datum: Ned., 17. jul. 2022 Povezava: https:\/\/www.times.si\/a\/eb2eba23a2f50eeed8492363426f81be0bd6cad5\/ Pianistka, dirigentka, humanitarka.\u00a0\u017diva Ploj Per\u0161uh\u00a0je skupaj z mo\u017eem Tomom pred grozotami vojne v Ukrajini re\u0161ila skupaj kar 142 Ukrajincev, \u010dlanov orkestra, njihovih mam ter tudi nekaj babic in dedkov. \u0160tirinajst mladoletnih je pred streli in eksplozijami od doma zbe\u017ealo brez star\u0161ev. \u017diva in Tomo sta [...]","protected":false},"author":8,"featured_media":30587,"comment_status":"closed","ping_status":"closed","sticky":false,"template":"","format":"standard","meta":{"footnotes":""},"categories":[143],"tags":[],"class_list":["post-29829","post","type-post","status-publish","format-standard","has-post-thumbnail","hentry","category-novice-si"],"_links":{"self":[{"href":"https:\/\/www.art-bsa.eu\/de\/wp-json\/wp\/v2\/posts\/29829","targetHints":{"allow":["GET"]}}],"collection":[{"href":"https:\/\/www.art-bsa.eu\/de\/wp-json\/wp\/v2\/posts"}],"about":[{"href":"https:\/\/www.art-bsa.eu\/de\/wp-json\/wp\/v2\/types\/post"}],"author":[{"embeddable":true,"href":"https:\/\/www.art-bsa.eu\/de\/wp-json\/wp\/v2\/users\/8"}],"replies":[{"embeddable":true,"href":"https:\/\/www.art-bsa.eu\/de\/wp-json\/wp\/v2\/comments?post=29829"}],"version-history":[{"count":3,"href":"https:\/\/www.art-bsa.eu\/de\/wp-json\/wp\/v2\/posts\/29829\/revisions"}],"predecessor-version":[{"id":30586,"href":"https:\/\/www.art-bsa.eu\/de\/wp-json\/wp\/v2\/posts\/29829\/revisions\/30586"}],"wp:featuredmedia":[{"embeddable":true,"href":"https:\/\/www.art-bsa.eu\/de\/wp-json\/wp\/v2\/media\/30587"}],"wp:attachment":[{"href":"https:\/\/www.art-bsa.eu\/de\/wp-json\/wp\/v2\/media?parent=29829"}],"wp:term":[{"taxonomy":"category","embeddable":true,"href":"https:\/\/www.art-bsa.eu\/de\/wp-json\/wp\/v2\/categories?post=29829"},{"taxonomy":"post_tag","embeddable":true,"href":"https:\/\/www.art-bsa.eu\/de\/wp-json\/wp\/v2\/tags?post=29829"}],"curies":[{"name":"wp","href":"https:\/\/api.w.org\/{rel}","templated":true}]}}