{"id":32510,"date":"2025-06-15T11:23:20","date_gmt":"2025-06-15T11:23:20","guid":{"rendered":"https:\/\/www.art-bsa.eu\/?p=32510"},"modified":"2025-06-18T11:25:22","modified_gmt":"2025-06-18T11:25:22","slug":"ziva-ploj-persuh-bo-dirigirala-v-znamenitem-dunajskem-musikvereinu-ob-obletnici-salierija-dunaj","status":"publish","type":"post","link":"https:\/\/www.art-bsa.eu\/de\/2025\/06\/15\/ziva-ploj-persuh-bo-dirigirala-v-znamenitem-dunajskem-musikvereinu-ob-obletnici-salierija-dunaj\/","title":{"rendered":"\u017diva Ploj Per\u0161uh bo dirigirala v znamenitem dunajskem Musikvereinu ob obletnici Salierija Dunaj"},"content":{"rendered":"<div class=\"wpb-content-wrapper\"><div id=\"ut-row-69f357f65be7d\" data-vc-full-width=\"true\" data-vc-full-width-init=\"false\" class=\"vc_row wpb_row vc_row-fluid vc_column-gap-0 ut-row-69f357f65be90\" ><div class=\"wpb_column vc_column_container vc_col-sm-12\" ><div id=\"ut_inner_column_69f357f65c77c\" class=\"vc_column-inner\" ><div class=\"wpb_wrapper\">\r\n<style type=\"text\/css\">\r\n\r\n    \r\n    #ut-empty-space-69f357f65c931 {\r\n        height: 60px    }\r\n\r\n    \r\n        @media (min-width: 768px) and (max-width: 1200px) {\r\n        #ut-empty-space-69f357f65c931 {\r\n        height: 60px;\r\n        display: block;\r\n    }\r\n    }\r\n    \r\n    \r\n    @media (max-width: 767px) {\r\n        #ut-empty-space-69f357f65c931 {\r\n        height: 60px;\r\n        display: block;\r\n    }\r\n    }\r\n\r\n    \r\n<\/style>\r\n\r\n<div class=\"vc_empty_space\" id=\"ut-empty-space-69f357f65c931\"><span class=\"vc_empty_space_inner\"><\/span><\/div><\/div><\/div><\/div><\/div><div class=\"vc_row-full-width vc_clearfix\"><\/div><div id=\"ut-row-69f357f65d187\" data-vc-full-width=\"true\" data-vc-full-width-init=\"false\" class=\"vc_row wpb_row vc_row-fluid vc_column-gap-0 ut-row-69f357f65d192\" ><div class=\"wpb_column vc_column_container vc_col-sm-6\" ><div id=\"ut_inner_column_69f357f65d7d0\" class=\"vc_column-inner\" ><div class=\"wpb_wrapper\">\r\n\t<div class=\"wpb_text_column wpb_content_element\" >\r\n\t\t<div class=\"wpb_wrapper\">\r\n\t\t\t<p><span class=\"TextRun SCXW142381823 BCX8\" lang=\"EN-GB\" xml:lang=\"EN-GB\" data-contrast=\"none\"><span class=\"NormalTextRun SCXW142381823 BCX8\">Medij: Gorenjskiglas.si<\/span><\/span><span class=\"LineBreakBlob BlobObject DragDrop SCXW142381823 BCX8\"><br class=\"SCXW142381823 BCX8\" \/><\/span><span class=\"TextRun SCXW142381823 BCX8\" lang=\"EN-GB\" xml:lang=\"EN-GB\" data-contrast=\"none\"><span class=\"NormalTextRun SCXW142381823 BCX8\">Autor: STA<\/span><\/span><span class=\"LineBreakBlob BlobObject DragDrop SCXW142381823 BCX8\"><br class=\"SCXW142381823 BCX8\" \/><\/span><span class=\"TextRun SCXW142381823 BCX8\" lang=\"EN-GB\" xml:lang=\"EN-GB\" data-contrast=\"none\"><span class=\"NormalTextRun SCXW142381823 BCX8\">Datum: Sonn., 15. 6. 2025<\/span><\/span><span class=\"LineBreakBlob BlobObject DragDrop SCXW142381823 BCX8\"><br class=\"SCXW142381823 BCX8\" \/><\/span><span class=\"TextRun SCXW142381823 BCX8\" lang=\"EN-GB\" xml:lang=\"EN-GB\" data-contrast=\"none\"><span class=\"NormalTextRun SCXW142381823 BCX8\">Link: <a href=\"https:\/\/www.gorenjskiglas.si\/sta\/ziva-ploj-persuh-bo-dirigirala-v-znamenitem-dunajskem-musikvereinu-ob-obletnici-salierija-dunaj-279793\/\">\u017diva Ploj Per\u0161uh bo dirigirala v znamenitem dunajskem Musikvereinu ob obletnici Salierija Dunaj<\/a><\/span><\/span><\/p>\n\r\n\t\t<\/div>\r\n\t<\/div>\r\n<\/div><\/div><\/div><div class=\"wpb_column vc_column_container vc_col-sm-6\" ><div id=\"ut_inner_column_69f357f65dd72\" class=\"vc_column-inner\" ><div class=\"wpb_wrapper\">\r\n\t<div class=\"wpb_text_column wpb_content_element\" >\r\n\t\t<div class=\"wpb_wrapper\">\r\n\t\t\t<div class=\"dc-text-paragraph\">\n<div class=\"dc-text-paragraph\">\n<p>Koncert je posve\u010den 200-letnici rojstva Antonia Salierija, ki se mu na Dunaju, kjer je deloval, poklanjajo z izvedbami del, predavanji in drugimi dogodki na razli\u010dnih prizori\u0161\u010dih. Veliko koncertov je prav v Musikvereinu.<\/p>\n<p>&nbsp;<\/p>\n<\/div>\n<\/div>\n\r\n\t\t<\/div>\r\n\t<\/div>\r\n<\/div><\/div><\/div><\/div><div class=\"vc_row-full-width vc_clearfix\"><\/div><div id=\"ut-row-69f357f65e678\" data-vc-full-width=\"true\" data-vc-full-width-init=\"false\" class=\"vc_row wpb_row vc_row-fluid vc_column-gap-0 ut-row-69f357f65e682\" ><div class=\"wpb_column vc_column_container vc_col-sm-12\" ><div id=\"ut_inner_column_69f357f65ec2d\" class=\"vc_column-inner\" ><div class=\"wpb_wrapper\">\r\n\t<div class=\"wpb_text_column wpb_content_element\" >\r\n\t\t<div class=\"wpb_wrapper\">\r\n\t\t\t<div class=\"dc-text-paragraph\">\n<div class=\"dc-text-paragraph\">\n<div class=\"dc-text-paragraph\">\n<div class=\"dc-text-paragraph\">\n<div class=\"dc-text-paragraph\">\n<div class=\"dc-text-paragraph\">\n<p>Na sporedu je Salierijeva Simfonija v D-duru za komorni orkester, imenovana Veneziana, ob tem pa bo z orkestrom dunajskega glasbenega zdru\u017eenja interpretirala \u0161e Koncert za oboo in orkester v C-duru Wolfganga Amadeusa Mozarta, noviteto \u010de\u0161kega skladatelja Toma\u0161a Illeja in delo avstrijskega skladatelja Franza Xaverja S\u00fcssmayrja.<\/p>\n<p><em>&#8220;Oder bom delila s Sebastianom Breitom, ki je nedvomno eden najbolj\u0161ih oboistov ta \u010das, prvi oboist Dunajskih filharmonikov in izjemen interpret prav Mozartovega koncerta za oboo,&#8221;<\/em> je povedala za STA.<\/p>\n<p>Salieri je po mnenju dirigentke in muzikologinje spregledan skladatelj, kar \u017eelijo na Dunaju, kjer je deloval ve\u010dino \u010dasa, spremeniti. <em>&#8220;Mit, ki ga je med \u0161ir\u0161o javnostjo podkrepil tudi sloviti film Amadeus, je povzro\u010dil \u0161kodo. V resnici je bil zelo ugleden skladatelj, tudi u\u010ditelj mnogim, recimo Beethovnu, Hummlu, tudi Schubertu, Mozartu in S\u00fcssmayrju. Ugled je dosegel kot operni skladatelj, na Dunaju pa je bil na visokih polo\u017eajih, recimo na mestu dvornega skladatelja. Dobro je poznal italijanski glasbeni svet in bil nasploh izjemno razgledan \u010dlovek,&#8221;<\/em> je ob tem povedala Ploj Per\u0161uh.<\/p>\n<p>Povabilo za koncert je dobila \u017ee pred dvema ali tremi leti, saj se programi dolo\u010dajo ve\u010d let vnaprej. <em>&#8220;Promotorji orkestrov, s katerimi sem v tem obdobju sodelovala, so me pri\u0161li pogledat na enega od koncertov, me spoznat tudi osebno in potem je sledil pogovor o konkretnih mo\u017enostih in programih,&#8221;<\/em> je pojasnila.<\/p>\n<p>Ploj Per\u0161uh se tujina vse bolj odpira, \u010de bi sklepali po tem, da je aprila gostovala v Pescu na Mad\u017earskem, po Dunaju pa bo v Lizboni krstno izvedla novo komorno opero Cafe Europa avstrijskega skladatelja mlaj\u0161e generacije Christopha Renharta. <em>&#8220;Tujina se odpira, je pa ostati na trgu izredno zahtevno in pomeni nenehno delo na tem,&#8221;<\/em> pravi dirigentka.<\/p>\n<p>Medtem bo poleti v Ljubljani vodila vsakoletni poletni orkestrski kamp Slovenskega mladinskega orkestra, ki bo ob leto\u0161nji 80. obletnici konca druge svetovne vojne in ustanovitve Organizacije zdru\u017eenih narodov del mednarodne kampanje Sit down. Z njo \u017eelijo mladi nagovoriti svetovne voditelje in odlo\u010devalce, naj postavijo mir in blagostanje za vse na prvo mesto.<\/p>\n<p>V tem duhu bodo pripravili in izvedli muzikal Otrok miru (Peace Child), ki \u010drpa navdih v deklaraciji za prihodnje generacije. <em>&#8220;Otroci in mladostniki, ki bodo leto\u0161nji soustvarjalci tega, bodo skozi glasbo, igranje v orkestru, petje v zboru in skozi dialog izra\u017eali svoje misli o dru\u017ebeni pravi\u010dnosti, kako se re\u0161ujejo konflikti na vseh ravneh, svojih \u017eeljah in viziji za prihodnost,&#8221;<\/em> je povedala.<\/p>\n<p>Projekt bodo izvedli avgusta v Kri\u017eankah in oktobra v Koncertni hi\u0161i na Dunaju, pripravljajo pa ga skupaj s fundacijo Peace Child International in ministrstvom za zunanje in evropske zadeve. Kot je \u0161e pojasnila Ploj Per\u0161uh, so se \u017ee v preteklih letih ve\u010dkrat lotevali dru\u017ebeno odgovornih tem, pri katerih je bila glasba uporabljena kot univerzalni, vsem razumljivi jezik: <em>&#8220;Alarm H2SO4, Negotovi \u0161tirje letni \u010dasi Vivaldija z rabo umetne inteligence, koncerti kot del kampanje Samo1planet, Music for the future in podobni so na\u0161e orodje, skozi katere se mlad \u010dlovek nau\u010di uporabiti svoj glas in se ga predvsem zavedati.&#8221;<\/em><\/p>\n<\/div>\n<\/div>\n<\/div>\n<\/div>\n<\/div>\n<\/div>\n\r\n\t\t<\/div>\r\n\t<\/div>\r\n<\/div><\/div><\/div><\/div><div class=\"vc_row-full-width vc_clearfix\"><\/div>\n<\/div>","protected":false},"excerpt":{"rendered":"Medij: Gorenjskiglas.siAvtorji: STADatum: Ned., 15. 6. 2025Povezava: \u017diva Ploj Per\u0161uh bo dirigirala v znamenitem dunajskem Musikvereinu ob obletnici Salierija Dunaj Koncert je posve\u010den 200-letnici rojstva Antonia Salierija, ki se mu na Dunaju, kjer je deloval, poklanjajo z izvedbami del, predavanji in drugimi dogodki na razli\u010dnih prizori\u0161\u010dih. Veliko koncertov je prav v Musikvereinu. &nbsp; Na sporedu [...]","protected":false},"author":8,"featured_media":32511,"comment_status":"closed","ping_status":"closed","sticky":false,"template":"","format":"standard","meta":{"footnotes":""},"categories":[143],"tags":[],"class_list":["post-32510","post","type-post","status-publish","format-standard","has-post-thumbnail","hentry","category-novice-si"],"_links":{"self":[{"href":"https:\/\/www.art-bsa.eu\/de\/wp-json\/wp\/v2\/posts\/32510","targetHints":{"allow":["GET"]}}],"collection":[{"href":"https:\/\/www.art-bsa.eu\/de\/wp-json\/wp\/v2\/posts"}],"about":[{"href":"https:\/\/www.art-bsa.eu\/de\/wp-json\/wp\/v2\/types\/post"}],"author":[{"embeddable":true,"href":"https:\/\/www.art-bsa.eu\/de\/wp-json\/wp\/v2\/users\/8"}],"replies":[{"embeddable":true,"href":"https:\/\/www.art-bsa.eu\/de\/wp-json\/wp\/v2\/comments?post=32510"}],"version-history":[{"count":1,"href":"https:\/\/www.art-bsa.eu\/de\/wp-json\/wp\/v2\/posts\/32510\/revisions"}],"predecessor-version":[{"id":32512,"href":"https:\/\/www.art-bsa.eu\/de\/wp-json\/wp\/v2\/posts\/32510\/revisions\/32512"}],"wp:featuredmedia":[{"embeddable":true,"href":"https:\/\/www.art-bsa.eu\/de\/wp-json\/wp\/v2\/media\/32511"}],"wp:attachment":[{"href":"https:\/\/www.art-bsa.eu\/de\/wp-json\/wp\/v2\/media?parent=32510"}],"wp:term":[{"taxonomy":"category","embeddable":true,"href":"https:\/\/www.art-bsa.eu\/de\/wp-json\/wp\/v2\/categories?post=32510"},{"taxonomy":"post_tag","embeddable":true,"href":"https:\/\/www.art-bsa.eu\/de\/wp-json\/wp\/v2\/tags?post=32510"}],"curies":[{"name":"wp","href":"https:\/\/api.w.org\/{rel}","templated":true}]}}