{"id":32516,"date":"2025-06-23T12:45:56","date_gmt":"2025-06-23T12:45:56","guid":{"rendered":"https:\/\/www.art-bsa.eu\/?p=32516"},"modified":"2025-06-24T11:10:33","modified_gmt":"2025-06-24T11:10:33","slug":"pobuda-sit-down-s-sporocilom-o-miru-in-strpnosti","status":"publish","type":"post","link":"https:\/\/www.art-bsa.eu\/de\/2025\/06\/23\/pobuda-sit-down-s-sporocilom-o-miru-in-strpnosti\/","title":{"rendered":"Die SIT DOWN Initiative mit einer Botschaft des Friedens und der Toleranz"},"content":{"rendered":"<div class=\"wpb-content-wrapper\"><div id=\"ut-row-69f3589111c8c\" data-vc-full-width=\"true\" data-vc-full-width-init=\"false\" class=\"vc_row wpb_row vc_row-fluid vc_column-gap-0 ut-row-69f3589111c9a\" ><div class=\"wpb_column vc_column_container vc_col-sm-12\" ><div id=\"ut_inner_column_69f358911242c\" class=\"vc_column-inner\" ><div class=\"wpb_wrapper\"><style type=\"text\/css\">#ut_custom_heading69f35891124cd { font-family: \"PUBLICO TEXT\"; }#ut_custom_heading69f35891124cd { font-size:15px !important; }#ut_custom_heading69f35891124cd { text-align:left; }@media (min-width: 768px) and (max-width: 1024px) { #ut_custom_heading69f35891124cd { text-align:left; } }@media (max-width: 767px) { #ut_custom_heading69f35891124cd { text-align:left; } }<\/style><h1 id=\"ut_custom_heading69f35891124cd\" data-responsive-font=\"h1\" data-responsive-font-settings=\"{&quot;base-font-size&quot;:&quot;15&quot;,&quot;font-size-unit&quot;:&quot;px&quot;,&quot;font-size&quot;:{&quot;desktop_large&quot;:&quot;15&quot;},&quot;base-line-height&quot;:&quot;global&quot;,&quot;base-letter-spacing&quot;:&quot;global&quot;}\" class=\"ut-custom-heading-module\" ><span class=\"\" >An der Pressekonferenz nahmen teil: Tamara Zajec Bala\u017ei\u010d, amtierende Direktorin der Agentur SPIRIT Slovenija; David Woollcombe, Pr\u00e4sident der Stiftung Peace Child International; Nata\u0161a Kos, Leiterin des Sektors f\u00fcr kulturelle und wissenschaftliche Diplomatie im Ministerium f\u00fcr ausw\u00e4rtige und europ\u00e4ische Angelegenheiten der Republik Slowenien; und \u017diva Ploj Per\u0161uh, k\u00fcnstlerische Leiterin des Slowenischen Jugendorchesters.<\/span><\/h1>\r\n<style type=\"text\/css\">\r\n\r\n    \r\n    #ut-empty-space-69f3589115c54 {\r\n        height: 40px    }\r\n\r\n    \r\n        @media (min-width: 768px) and (max-width: 1200px) {\r\n        #ut-empty-space-69f3589115c54 {\r\n        height: 40px;\r\n        display: block;\r\n    }\r\n    }\r\n    \r\n    \r\n    @media (max-width: 767px) {\r\n        #ut-empty-space-69f3589115c54 {\r\n        height: 40px;\r\n        display: block;\r\n    }\r\n    }\r\n\r\n    \r\n<\/style>\r\n\r\n<div class=\"vc_empty_space\" id=\"ut-empty-space-69f3589115c54\"><span class=\"vc_empty_space_inner\"><\/span><\/div><\/div><\/div><\/div><\/div><div class=\"vc_row-full-width vc_clearfix\"><\/div><div id=\"ut-row-69f358911640b\" data-vc-full-width=\"true\" data-vc-full-width-init=\"false\" class=\"vc_row wpb_row vc_row-fluid vc_column-gap-0 ut-row-69f3589116416\" ><div class=\"wpb_column vc_column_container vc_col-sm-12\" ><div id=\"ut_inner_column_69f35891169e7\" class=\"vc_column-inner\" ><div class=\"wpb_wrapper\">\r\n\t<div class=\"wpb_text_column wpb_content_element\" >\r\n\t\t<div class=\"wpb_wrapper\">\r\n\t\t\t<div class=\"wpb_text_column wpb_content_element\">\n<div class=\"wpb_wrapper\">\n<div class=\"x_elementToProof\" data-olk-copy-source=\"MessageBody\">\n<div class=\"x_elementToProof\" data-olk-copy-source=\"MessageBody\">\n<p>Ljubljana, 23. Juni \u2013 Das <a href=\"https:\/\/smo.ngo\/orkester\/\">Slowenische Jugendorchester (SMO)<\/a> unter der k\u00fcnstlerischen Leitung von \u017diva Ploj Per\u0161uh belebt in diesem Jahr mit Unterst\u00fctzung des <a href=\"https:\/\/www.gov.si\/drzavni-organi\/ministrstva\/ministrstvo-za-zunanje-in-evropske-zadeve\/\">Ministeriums f\u00fcr ausw\u00e4rtige und europ\u00e4ische Angelegenheiten (MZEZ)<\/a> und in Zusammenarbeit mit internationalen Partnern das legend\u00e4re Musical <a href=\"https:\/\/www.sitdown.si\/\">Peace Child<\/a>wieder. Nach 40 Jahren wird es erneut junge K\u00fcnstler:innen mit einer Botschaft des Friedens, der Zusammenarbeit und des interkulturellen Dialogs vereinen.<\/p>\n<p>Wie Nata\u0161a Kos, Leiterin des Sektors f\u00fcr kulturelle und wissenschaftliche Diplomatie im Ministerium, auf der heutigen Pressekonferenz erinnerte, begehen wir <strong>dieses Jahr zwei wichtige Jubil\u00e4en \u2013 80 Jahre seit dem Ende des Zweiten Weltkriegs und 80 Jahre seit der Gr\u00fcndung der Vereinten Nationen (UN), die uns an Werte erinnern, die bewahrt werden m\u00fcssen.<\/strong><\/p>\n<p>Im Ministerium war man der Meinung, dass es keinen authentischeren Weg gibt, als diese Botschaften durch die Stimme der Jugend und durch Kultur zu vermitteln. Zudem hat Slowenien als nichtst\u00e4ndiges Mitglied des UN-Sicherheitsrates die Aufgabe, auf diese Werte hinzuweisen. Das Projekt ist laut ihr ein konkreter Beitrag zur Umsetzung der Verpflichtungen, die sich Slowenien als Mitglied der internationalen Gemeinschaft auferlegt hat. Es zeigt auch, wie Kultur und Diplomatie Hand in Hand wirken.<\/p>\n<p>Wie \u017diva Ploj Per\u0161uh, k\u00fcnstlerische Leiterin des SMO, erkl\u00e4rte, verbreitet das Projekt eine Botschaft des Friedens und der Toleranz und hei\u00dft viele aus Krisengebieten stammende Menschen in Not willkommen.<\/p>\n<p><strong>Peace Child, das Teil der internationalen Kampagne <a href=\"https:\/\/www.sitdown.si\/\">SIT DOWN<\/a>ist, blickt in die Zukunft und erz\u00e4hlt von einer Vision des Lebens, der Freiheit und einer selbstlosen Welt ohne Waffen und Konflikte. Der Aufruf zum Frieden.<\/strong> Junge Menschen lernen durch das Musical die Arbeit der UN kennen und vermitteln durch Musik die Botschaft, dass Slowenien ein Land ist, in dem Kultur die wertvollste W\u00e4hrung ist. Das Musical umfasst Text, Musik, Chorgesang und Erz\u00e4hlung.<\/p>\n<p><strong>Teilnehmer:innen kommen aus verschiedenen L\u00e4ndern \u2013 Rum\u00e4nien, Gro\u00dfbritannien, T\u00fcrkei, Italien, Ungarn, Japan, Spanien, Slowakei, Deutschland, USA und Island.<\/strong> Man bem\u00fcht sich, auch junge Menschen aus Krisenregionen einzubeziehen \u2013 so werden auch in diesem Jahr ukrainische junge Musiker erwartet. Es wird auch daran gearbeitet, einen Kinderchor aus Pal\u00e4stina einzuladen.<\/p>\n<p>Das Projekt, an dem <a href=\"https:\/\/future.smo.ngo\/music-week\/\">mehr als 200 junge K\u00fcnstler:innen teilnehmen<\/a>, entsteht in Zusammenarbeit mit der Stiftung <a href=\"https:\/\/www.peacechild.org\/\">Peace Child International<\/a> und dem <a href=\"https:\/\/www.art-bsa.eu\/de\/\">Kulturinstitut ART BSA<\/a>. Auch David Woollcombe, Pr\u00e4sident der Stiftung Peace Child International, betonte die wichtige Rolle der Kultur beim Aufbau von Frieden, <strong>da K\u00fcnstler:innen und Kinder oft Orte erreichen k\u00f6nnen, an die Diplomaten nicht gelangen und Dinge sagen k\u00f6nnen, die Diplomaten nicht aussprechen d\u00fcrfen.<\/strong><\/p>\n<p>Er sagte zudem, das Musical projiziere eine Vision der Welt. Bei der ersten Auff\u00fchrung glaubte man, dass die Welt im Jahr 2025 eine Welt des Friedens und der nachhaltigen Entwicklung sein w\u00fcrde. Doch die Realit\u00e4t ist heute eine andere. <strong>Er unterstrich, dass Frieden kontinuierliche Bem\u00fchungen erfordert , etwas, das auch die Teilnehmer:innen erkennen werden.<\/strong><\/p>\n<p>Tamara Zajec Bala\u017ei\u010d, amtierende Direktorin der Agentur <a href=\"https:\/\/www.spiritslovenia.si\/\">Spirit Slovenija<\/a> Agentur, <strong>erkl\u00e4rte, dass im Rahmen des Projekts drei Wirtschaftsevents organisiert werden:<\/strong> ein Wirtschaftsforum am 23. August in Ljubljana, ein digitaler Livestream des Forums auf der Expo 2025 am 24. August sowie ein Wirtschaftsforum am 23. Oktober in Wien.<\/p>\n<p>Das Projekt findet vom <strong>14. bis 23. August<\/strong> in Brdo pri Kranju und in Ljubljana statt. <strong>Das Abschlusskonzert wird am 23. August in den Kri\u017eanke<\/strong> im Rahmen des <a href=\"https:\/\/www.ljubljanafestival.si\/en\/events-calendar\/2349-peace-child\">Ljubljana Festivals<\/a>, <strong>veranstaltet, und am 23. Oktober<\/strong>, dem Vorabend des UN-Tages, <strong>wird das Musical im Wiener Konzerthaus aufgef\u00fchrt.<\/strong><\/p>\n<p>&nbsp;<\/p>\n<p>Quelle: Zusammengefasst von sta.si<\/p>\n<\/div>\n<\/div>\n<\/div>\n<\/div>\n\r\n\t\t<\/div>\r\n\t<\/div>\r\n\r\n<style type=\"text\/css\">\r\n\r\n    \r\n    #ut-empty-space-69f3589116e16 {\r\n        height: 40px    }\r\n\r\n    \r\n        @media (min-width: 768px) and (max-width: 1200px) {\r\n        #ut-empty-space-69f3589116e16 {\r\n        height: 40px;\r\n        display: block;\r\n    }\r\n    }\r\n    \r\n    \r\n    @media (max-width: 767px) {\r\n        #ut-empty-space-69f3589116e16 {\r\n        height: 40px;\r\n        display: block;\r\n    }\r\n    }\r\n\r\n    \r\n<\/style>\r\n\r\n<div class=\"vc_empty_space\" id=\"ut-empty-space-69f3589116e16\"><span class=\"vc_empty_space_inner\"><\/span><\/div><div class=\"wpb_content_element ut-gallery-5  clearfix\"><style type=\"text\/css\">#ut_ig_69f3589116e79 .ut-lazy:not(.ut-image-loaded) + .ut-video-module-loading { display:block; }#ut_ig_69f3589116e79 .ut-lazy.ut-image-loaded + .ut-video-module-loading { display:none; }#ut_ig_69f3589116e79 .ut-gallery-slider-caption { color: #000000; }#ut_ig_69f3589116e79 .ut-gallery-slider-caption { font-size: 10; }#ut_ig_69f3589116e79 .ut-gallery-slider-caption { font-weight: 100; }<\/style><div id=\"ut_ig_69f3589116e79\" class=\"ut-image-gallery ut-image-gallery-module  ut-image-gallery-5 clearfix\" data-settings=\"{&quot;animate&quot;:true,&quot;effect&quot;:&quot;&quot;,&quot;lazy&quot;:true,&quot;delay_animation&quot;:false,&quot;global_delay_animation&quot;:false,&quot;delay_timer&quot;:100,&quot;global_delay_timer&quot;:100}\" ><div  data-count=\"4\" class=\"ut-image-gallery-item ut-animation-done grid-25 tablet-grid-50 mobile-grid-100\"><a  class=\"ut-vc-images-lightbox ut-vc-images-lightbox-group-image\"  data-exthumbimage=\"https:\/\/www.art-bsa.eu\/wp-content\/uploads\/6-2-200x200.png\" href=\"https:\/\/www.art-bsa.eu\/wp-content\/uploads\/6-2-576x720.png\" ><div class=\"ut-image-gallery-image\" ><img decoding=\"async\"  class=\"ut-lazy skip-lazy\" src=\"data:image\/svg+xml;charset=utf-8,%3Csvg xmlns%3D'http%3A%2F%2Fwww.w3.org%2F2000%2Fsvg' viewBox%3D'0 0 650 433'%2F%3E\" data-src=\"https:\/\/www.art-bsa.eu\/wp-content\/uploads\/6-2-650x433.png\" width=\"650\" height=\"433\"><\/div><\/a><\/div><div  data-count=\"4\" class=\"ut-image-gallery-item ut-animation-done ut-animation-done grid-25 tablet-grid-50 mobile-grid-100\"><a  class=\"ut-vc-images-lightbox ut-vc-images-lightbox-group-image\"  data-exthumbimage=\"https:\/\/www.art-bsa.eu\/wp-content\/uploads\/8-2-200x200.png\" href=\"https:\/\/www.art-bsa.eu\/wp-content\/uploads\/8-2-576x720.png\" ><div class=\"ut-image-gallery-image\" ><img decoding=\"async\"  class=\"ut-lazy skip-lazy\" src=\"data:image\/svg+xml;charset=utf-8,%3Csvg xmlns%3D'http%3A%2F%2Fwww.w3.org%2F2000%2Fsvg' viewBox%3D'0 0 650 433'%2F%3E\" data-src=\"https:\/\/www.art-bsa.eu\/wp-content\/uploads\/8-2-650x433.png\" width=\"650\" height=\"433\"><\/div><\/a><\/div><div  data-count=\"4\" class=\"ut-image-gallery-item ut-animation-done ut-animation-done ut-animation-done grid-25 tablet-grid-50 mobile-grid-100 ut-tablet-last\"><a  class=\"ut-vc-images-lightbox ut-vc-images-lightbox-group-image\" data-sub-html=\"#ut-image-caption-32519\" data-exthumbimage=\"https:\/\/www.art-bsa.eu\/wp-content\/uploads\/Natasa-Kos-vodja-Sektorja-za-kulturno-in-znanstveno-diplomacijo-Ministrstvo-za-zunanje-in-evropske-zadeve-Republike-Slovenije-in-Ziva-Ploj-P-200x200.png\" href=\"https:\/\/www.art-bsa.eu\/wp-content\/uploads\/Natasa-Kos-vodja-Sektorja-za-kulturno-in-znanstveno-diplomacijo-Ministrstvo-za-zunanje-in-evropske-zadeve-Republike-Slovenije-in-Ziva-Ploj-P-576x720.png\" ><div class=\"ut-image-gallery-image\" ><img decoding=\"async\"  class=\"ut-lazy skip-lazy\" src=\"data:image\/svg+xml;charset=utf-8,%3Csvg xmlns%3D'http%3A%2F%2Fwww.w3.org%2F2000%2Fsvg' viewBox%3D'0 0 650 433'%2F%3E\" data-src=\"https:\/\/www.art-bsa.eu\/wp-content\/uploads\/Natasa-Kos-vodja-Sektorja-za-kulturno-in-znanstveno-diplomacijo-Ministrstvo-za-zunanje-in-evropske-zadeve-Republike-Slovenije-in-Ziva-Ploj-P-650x433.png\" width=\"650\" height=\"433\"><\/div><div id=\"ut-image-caption-32519\" class=\"ut-vc-images-lightbox-caption\">Natas\u030ca Kos, vodja Sektorja za kulturno in znanstveno diplomacijo, Ministrstvo za zunanje in evropske zadeve Republike Slovenije in Z\u030civa Ploj P<\/div><\/a><div class=\"ut-gallery-slider-caption\">Natas\u030ca Kos, vodja Sektorja za kulturno in znanstveno diplomacijo, Ministrstvo za zunanje in evropske zadeve Republike Slovenije in Z\u030civa Ploj P<\/div><\/div><div class=\"clear hide-on-desktop hide-on-tablet\"><\/div><div  data-count=\"4\" class=\"ut-image-gallery-item ut-animation-done ut-animation-done ut-animation-done ut-animation-done grid-25 tablet-grid-50 mobile-grid-100\"><a  class=\"ut-vc-images-lightbox ut-vc-images-lightbox-group-image\" data-sub-html=\"#ut-image-caption-32520\" data-exthumbimage=\"https:\/\/www.art-bsa.eu\/wp-content\/uploads\/Tamara-Zajec-Balazic-v.-d.-direktorice-agencije-SPIRIT-Slovenija-in-David-Woollcombe-predsednik-fundacije-Peace-Child-International-200x200.png\" href=\"https:\/\/www.art-bsa.eu\/wp-content\/uploads\/Tamara-Zajec-Balazic-v.-d.-direktorice-agencije-SPIRIT-Slovenija-in-David-Woollcombe-predsednik-fundacije-Peace-Child-International-576x720.png\" ><div class=\"ut-image-gallery-image\" ><img decoding=\"async\"  class=\"ut-lazy skip-lazy\" src=\"data:image\/svg+xml;charset=utf-8,%3Csvg xmlns%3D'http%3A%2F%2Fwww.w3.org%2F2000%2Fsvg' viewBox%3D'0 0 650 433'%2F%3E\" data-src=\"https:\/\/www.art-bsa.eu\/wp-content\/uploads\/Tamara-Zajec-Balazic-v.-d.-direktorice-agencije-SPIRIT-Slovenija-in-David-Woollcombe-predsednik-fundacije-Peace-Child-International-650x433.png\" width=\"650\" height=\"433\"><\/div><div id=\"ut-image-caption-32520\" class=\"ut-vc-images-lightbox-caption\">Tamara Zajec Balaz\u030cic\u030c, v. d. direktorice agencije SPIRIT Slovenija in David Woollcombe, predsednik fundacije Peace Child International<\/div><\/a><div class=\"ut-gallery-slider-caption\">Tamara Zajec Balaz\u030cic\u030c, v. d. direktorice agencije SPIRIT Slovenija in David Woollcombe, predsednik fundacije Peace Child International<\/div><\/div><div class=\"ut-image-gallery-sizer\"><\/div><div class=\"clear\"><\/div><\/div><\/div><\/div><\/div><\/div><\/div><div class=\"vc_row-full-width vc_clearfix\"><\/div><div id=\"ut-row-69f35891187a5\" data-vc-full-width=\"true\" data-vc-full-width-init=\"false\" class=\"vc_row wpb_row vc_row-fluid vc_column-gap-0 ut-row-69f35891187af\" ><div class=\"wpb_column vc_column_container vc_col-sm-12\" ><div id=\"ut_inner_column_69f3589118d31\" class=\"vc_column-inner\" ><div class=\"wpb_wrapper\">\r\n<style type=\"text\/css\">\r\n\r\n    \r\n    #ut-empty-space-69f3589118e6f {\r\n        height: 40px    }\r\n\r\n    \r\n        @media (min-width: 768px) and (max-width: 1200px) {\r\n        #ut-empty-space-69f3589118e6f {\r\n        height: 40px;\r\n        display: block;\r\n    }\r\n    }\r\n    \r\n    \r\n    @media (max-width: 767px) {\r\n        #ut-empty-space-69f3589118e6f {\r\n        height: 40px;\r\n        display: block;\r\n    }\r\n    }\r\n\r\n    \r\n<\/style>\r\n\r\n<div class=\"vc_empty_space\" id=\"ut-empty-space-69f3589118e6f\"><span class=\"vc_empty_space_inner\"><\/span><\/div><\/div><\/div><\/div><\/div><div class=\"vc_row-full-width vc_clearfix\"><\/div>\n<\/div>","protected":false},"excerpt":{"rendered":"Na novinarski konferenci so sodelovali: Tamara Zajec Bala\u017ei\u010d, v. d. direktorice agencije SPIRIT Slovenija, David Woollcombe, predsednik fundacije Peace Child International, Nata\u0161a Kos, vodja Sektorja za kulturno in znanstveno diplomacijo, Ministrstvo za zunanje in evropske zadeve Republike Slovenije in \u017diva Ploj Per\u0161uh, umetni\u0161ka vodja Slovenskega mladinskega orkestra. Ljubljana, 23. junija - Slovenski mladinski orkester (SMO) [...]","protected":false},"author":8,"featured_media":32521,"comment_status":"closed","ping_status":"closed","sticky":false,"template":"","format":"standard","meta":{"footnotes":""},"categories":[143],"tags":[],"class_list":["post-32516","post","type-post","status-publish","format-standard","has-post-thumbnail","hentry","category-novice-si"],"_links":{"self":[{"href":"https:\/\/www.art-bsa.eu\/de\/wp-json\/wp\/v2\/posts\/32516","targetHints":{"allow":["GET"]}}],"collection":[{"href":"https:\/\/www.art-bsa.eu\/de\/wp-json\/wp\/v2\/posts"}],"about":[{"href":"https:\/\/www.art-bsa.eu\/de\/wp-json\/wp\/v2\/types\/post"}],"author":[{"embeddable":true,"href":"https:\/\/www.art-bsa.eu\/de\/wp-json\/wp\/v2\/users\/8"}],"replies":[{"embeddable":true,"href":"https:\/\/www.art-bsa.eu\/de\/wp-json\/wp\/v2\/comments?post=32516"}],"version-history":[{"count":6,"href":"https:\/\/www.art-bsa.eu\/de\/wp-json\/wp\/v2\/posts\/32516\/revisions"}],"predecessor-version":[{"id":32527,"href":"https:\/\/www.art-bsa.eu\/de\/wp-json\/wp\/v2\/posts\/32516\/revisions\/32527"}],"wp:featuredmedia":[{"embeddable":true,"href":"https:\/\/www.art-bsa.eu\/de\/wp-json\/wp\/v2\/media\/32521"}],"wp:attachment":[{"href":"https:\/\/www.art-bsa.eu\/de\/wp-json\/wp\/v2\/media?parent=32516"}],"wp:term":[{"taxonomy":"category","embeddable":true,"href":"https:\/\/www.art-bsa.eu\/de\/wp-json\/wp\/v2\/categories?post=32516"},{"taxonomy":"post_tag","embeddable":true,"href":"https:\/\/www.art-bsa.eu\/de\/wp-json\/wp\/v2\/tags?post=32516"}],"curies":[{"name":"wp","href":"https:\/\/api.w.org\/{rel}","templated":true}]}}