{"id":30016,"date":"2022-04-27T15:01:37","date_gmt":"2022-04-27T15:01:37","guid":{"rendered":"https:\/\/www.art-bsa.eu\/?p=30016"},"modified":"2023-12-21T14:06:38","modified_gmt":"2023-12-21T14:06:38","slug":"upornistvo-je-skozi-nase-narodno-zorenje-postalo-del-narodnega-znacaja","status":"publish","type":"post","link":"https:\/\/www.art-bsa.eu\/en\/2022\/04\/27\/upornistvo-je-skozi-nase-narodno-zorenje-postalo-del-narodnega-znacaja\/","title":{"rendered":"\u00bbUporni\u0161tvo je skozi na\u0161e narodno zorenje postalo del narodnega zna\u010daja\u00ab"},"content":{"rendered":"<div class=\"wpb-content-wrapper\"><div id=\"ut-row-69f3a2fdc5fb0\" data-vc-full-width=\"true\" data-vc-full-width-init=\"false\" class=\"vc_row wpb_row vc_row-fluid vc_column-gap-0 ut-row-69f3a2fdc5fc8\" ><div class=\"wpb_column vc_column_container vc_col-sm-12\" ><div id=\"ut_inner_column_69f3a2fdc67cc\" class=\"vc_column-inner\" ><div class=\"wpb_wrapper\">\r\n<style type=\"text\/css\">\r\n\r\n    \r\n    #ut-empty-space-69f3a2fdc6950 {\r\n        height: 60px    }\r\n\r\n    \r\n        @media (min-width: 768px) and (max-width: 1200px) {\r\n        #ut-empty-space-69f3a2fdc6950 {\r\n        height: 60px;\r\n        display: block;\r\n    }\r\n    }\r\n    \r\n    \r\n    @media (max-width: 767px) {\r\n        #ut-empty-space-69f3a2fdc6950 {\r\n        height: 60px;\r\n        display: block;\r\n    }\r\n    }\r\n\r\n    \r\n<\/style>\r\n\r\n<div class=\"vc_empty_space\" id=\"ut-empty-space-69f3a2fdc6950\"><span class=\"vc_empty_space_inner\"><\/span><\/div><\/div><\/div><\/div><\/div><div class=\"vc_row-full-width vc_clearfix\"><\/div><div id=\"ut-row-69f3a2fdc70aa\" data-vc-full-width=\"true\" data-vc-full-width-init=\"false\" class=\"vc_row wpb_row vc_row-fluid vc_column-gap-0 ut-row-69f3a2fdc70b4\" ><div class=\"wpb_column vc_column_container vc_col-sm-6\" ><div id=\"ut_inner_column_69f3a2fdc761c\" class=\"vc_column-inner\" ><div class=\"wpb_wrapper\">\r\n\t<div class=\"wpb_text_column wpb_content_element\" >\r\n\t\t<div class=\"wpb_wrapper\">\r\n\t\t\t<div class=\"dc-text-paragraph\">\n<div class=\"dc-text-paragraph\">\n<div class=\"dc-text-paragraph\"><\/div>\n<div class=\"dc-text-paragraph\">\n<p>Medij: Stajerska.eu<br \/>\nAuthor:<br \/>\nDatum: Sre., 27. apr. 2022<br \/>\nLink: <a href=\"https:\/\/stajerska.eu\/2022\/04\/27\/upornistvo-je-skozi-nase-narodno-zorenje-postalo-del-narodnega-znacaja\/\" target=\"_blank\" rel=\"noopener\">https:\/\/stajerska.eu\/2022\/04\/27\/upornistvo-je-skozi-nase-narodno-zorenje-postalo-del-narodnega-znacaja\/<\/a><\/p>\n<\/div>\n<p>&nbsp;<\/p>\n<\/div>\n<\/div>\n\r\n\t\t<\/div>\r\n\t<\/div>\r\n<\/div><\/div><\/div><div class=\"wpb_column vc_column_container vc_col-sm-6\" ><div id=\"ut_inner_column_69f3a2fdc7a91\" class=\"vc_column-inner\" ><div class=\"wpb_wrapper\">\r\n\t<div class=\"wpb_text_column wpb_content_element\" >\r\n\t\t<div class=\"wpb_wrapper\">\r\n\t\t\t<div class=\"dc-text-paragraph\">\n<div class=\"dc-text-paragraph\">\n<div class=\"dc-text-paragraph\">\n<p>Predsednik Republike Slovenije Borut Pahor je danes, v po\u010dastitev dr\u017eavnega praznika dneva upora proti okupatorju, v Veliki kristalni dvorani Predsedni\u0161ke pala\u010de nagovoril dr\u017eavljane. Ob tej prilo\u017enosti se je predsedniku republike z nagovorom pridru\u017eil Marijan Kri\u017eman, predsednik Zveze zdru\u017eenj borcev za vrednote narodnoosvobodilnega boja Slovenije.<\/p>\n<\/div>\n<\/div>\n<\/div>\n\r\n\t\t<\/div>\r\n\t<\/div>\r\n<\/div><\/div><\/div><\/div><div class=\"vc_row-full-width vc_clearfix\"><\/div><div id=\"ut-row-69f3a2fdc826c\" data-vc-full-width=\"true\" data-vc-full-width-init=\"false\" class=\"vc_row wpb_row vc_row-fluid vc_column-gap-0 ut-row-69f3a2fdc8275\" ><div class=\"wpb_column vc_column_container vc_col-sm-12\" ><div id=\"ut_inner_column_69f3a2fdc87cc\" class=\"vc_column-inner\" ><div class=\"wpb_wrapper\">\r\n\t<div class=\"wpb_text_column wpb_content_element\" >\r\n\t\t<div class=\"wpb_wrapper\">\r\n\t\t\t<div class=\"dc-text-paragraph\">\n<div class=\"dc-text-paragraph\">\n<div class=\"dc-text-paragraph\">\n<p>Predsednik republike je v svojem osrednjem govoru ob dr\u017eavnem prazniku dr\u017eavljankam in dr\u017eavljanom ter Slovenkam in Slovencem doma in po svetu \u010destital z najbolj\u0161imi \u017eeljami za mirno, lepo in varno prihodnost. Dejal je, da dana\u0161nji praznik slavi uporni\u0161tvo, saj smo se Slovenke in Slovenci v polpretekli in novej\u0161i zgodovini dvakrat postavili po robu okupatorju. \u00bbUporni\u0161tvo, se zdi, je skozi na\u0161e narodno zorenje postalo del narodnega zna\u010daja,\u00ab je dejal predsednik Pahor in poudaril, da bo narod, ki ima moralni prav, na koncu vedno zmagal v boju proti okupatorju, ne glede na njegovo voja\u0161ko silo.<\/p>\n<\/div>\n<div class=\"dc-text-paragraph\">\n<p>\u00bbTo velja danes in velja za vojno v Ukrajini, kjer ima ukrajinski narod moralni prav,\u00ab je dejal in poudaril, da si v Sloveniji \u017eelimo, da bi bilo trpljenja v Ukrajini \u010dim prej konec, da bi nastopil mir in da bi se spori, zapleti in razhajanja med dvema sosednjima dr\u017eavama urejali po mirni poti.\u00a0<em>\"In<\/em>\u00a0tem smislu naj bo danes na\u0161 dr\u017eavni praznik, ko slavimo upor proti okupatorju, klic solidarnosti z ukrajinskim narodom, hkrati pa tudi klic k miru in mirnemu re\u0161evanju tega spora in vseh sporov po vsem svetu, da bi lahko v Evropi in v mednarodni skupnosti vladala mir in varnost, ki si ju otroci zaslu\u017eijo, da bi lahko razvili svoje talente in sanjali svoje sanje,\u00ab tako predsednik republike.<\/p>\n<\/div>\n<div class=\"dc-text-paragraph\">\n<p>Predsednik Pahor je v nagovoru ob prazniku poudaril tudi, kako pomembno je, da ne pozabimo najbolj slavnih dni svoje zgodovine, saj iz njih \u010drpamo narodni pogum in moralni credo . \u00bbMed te sijajne zgodovinske dogodke sodi tudi partizansko gibanje sredi prej\u0161njega stoletja, ki mu je v sodelovanju z zavezniki uspelo osvoboditi Evropo fa\u0161isti\u010dnega in nacisti\u010dnega jarma,\u00ab je dejal in spomnil na Izjavo o spravi, ki jo je pripravila Slovenska akademija znanosti in umetnosti ob 30-letnici Slovenije in v kateri je med drugim zapisano, da partizanskemu gibanju nih\u010de ne sme oporekati domoljubnega vzgiba in legitimnosti, vendar pa so se pojavila tudi dejanja, na katera ne moremo biti ponosni in nas opominjajo na dr\u017eavljanski spopad, v katerem je brat dvignil roko nad brata. \u00bbDemokrati\u010dno zrel narod, ki je sposoben \u017eiveti svojo lastno zgodovino, iz nje \u010drpa tisto, kar je slavno, za navdih za prihodnost \u2013 tisto, kar je neslavno, pa kot opomin, da ne bi ponavljali napak,\u00ab je dejal predsednik republike in ob koncu nagovora poudaril, da se Slovenci u\u010dimo. \u00bb\u010ce smo sredi druge svetovne vojne stali na razli\u010dnih bregovih, se to ni zgodilo, ko smo se osamosvajali in branili odlo\u010ditev, da ustanovimo lastno dr\u017eavo. Takrat \u2013 tudi zavedajo\u010d se nevarnosti vnovi\u010dnega bratomornega boja \u2013 smo stopili skupaj in obranili na\u0161o domovino, na\u0161o dr\u017eavo, ki jo danes ohranjamo in razvijamo za interese in sanje na\u0161ih otrok in njihovih otrok,\u00ab je nagovor ob dr\u017eavnem prazniku sklenil predsednik Pahor.<\/p>\n<\/div>\n<div class=\"dc-text-paragraph\">\n<p>Marijan Kri\u017eman se je predsedniku republike zahvalil, da lahko kot predsednik Zveze zdru\u017eenj borcev za vrednote narodnoosvobodilnega boja Slovenije ob tako pomembnem prazniku, kot je dan upora proti okupatorju, spregovori v Predsedni\u0161ki pala\u010di. \u00bbOsvobodilna fronta je v slovenskem narodu \u0161e vedno \u017eiv spomin na trenutek, ko se je slovenski narod odlo\u010dil, da se bo uprl \u0161tirim okupatorjem,\u00ab je dejal gospod Kri\u017eman in dodal, da nas dana\u0161nji praznik u\u010di in spominja, da smo vedno dosegli svoje cilje, kadar smo se skupaj tako odlo\u010dili. Gospod Kri\u017eman je \u0161e poudaril, da je osvobodilni lok od generala Maistra preko narodnoosvobodilnega boja vodil v samostojno Slovenijo. \u00bbMir je neprecenljiva vrednota, ki je ne moremo nadomestiti z ni\u010demer,\u00ab je \u0161e poudaril gospod Kri\u017eman.<\/p>\n<\/div>\n<div class=\"dc-text-paragraph\">\n<p>Predsedni\u0161ko pala\u010do so ob prazniku obiskali predstavniki vodstva Zveze zdru\u017eenj borcev za vrednote narodnoosvobodilnega boja Slovenije in predstavniki Koordinacije domoljubnih in veteranskih organizacij Slovenije in \u0161e \u0161tevilni obiskovalci iz vse Slovenije.<\/p>\n<\/div>\n<div class=\"dc-text-paragraph\">\n<p>Glasbeni program so pripravili mladi ukrajinski glasbeniki, ki so se k nam zatekli pred rusko agresijo in krutimi vojnimi razmerami v njihovi domovini, in skupaj s slovenskimi vrstniki pripravljajo velik dobrodelni koncert z naslovom \u00bb<span id=\"dc-kw-match-4506\" class=\"dc-kw-match\">Music for the Future<\/span>\u00ab pod vodstvom\u00a0<span id=\"dc-kw-match-4537\" class=\"dc-kw-match\">\u017diva Ploj Per\u0161uh<\/span>, priznane slovenske operne in simfoni\u010dne dirigentke. Predsednik Republike Slovenije Borut Pahor je \u010dastni pokrovitelj tega dobrodelnega koncerta, ki bo 11. maja v Cankarjevem domu v Ljubljani.<\/p>\n<\/div>\n<div class=\"dc-text-paragraph\">\n<p>V po\u010dastitev dr\u017eavnega praznika je tako kot ob vsakem dnevu odprtih vrat pred Predsedni\u0161ko pala\u010do postrojena \u010dastna stra\u017ea Garde Slovenske vojske.<\/p>\n<\/div>\n<\/div>\n<\/div>\n\r\n\t\t<\/div>\r\n\t<\/div>\r\n<\/div><\/div><\/div><\/div><div class=\"vc_row-full-width vc_clearfix\"><\/div>\n<\/div>","protected":false},"excerpt":{"rendered":"Medij: Stajerska.eu Avtorji: Datum: Sre., 27. apr. 2022 Povezava: https:\/\/stajerska.eu\/2022\/04\/27\/upornistvo-je-skozi-nase-narodno-zorenje-postalo-del-narodnega-znacaja\/ &nbsp; Predsednik Republike Slovenije Borut Pahor je danes, v po\u010dastitev dr\u017eavnega praznika dneva upora proti okupatorju, v Veliki kristalni dvorani Predsedni\u0161ke pala\u010de nagovoril dr\u017eavljane. Ob tej prilo\u017enosti se je predsedniku republike z nagovorom pridru\u017eil Marijan Kri\u017eman, predsednik Zveze zdru\u017eenj borcev za vrednote narodnoosvobodilnega boja Slovenije. [...]","protected":false},"author":8,"featured_media":30653,"comment_status":"closed","ping_status":"closed","sticky":false,"template":"","format":"standard","meta":{"footnotes":""},"categories":[143],"tags":[],"class_list":["post-30016","post","type-post","status-publish","format-standard","has-post-thumbnail","hentry","category-novice-si"],"_links":{"self":[{"href":"https:\/\/www.art-bsa.eu\/en\/wp-json\/wp\/v2\/posts\/30016","targetHints":{"allow":["GET"]}}],"collection":[{"href":"https:\/\/www.art-bsa.eu\/en\/wp-json\/wp\/v2\/posts"}],"about":[{"href":"https:\/\/www.art-bsa.eu\/en\/wp-json\/wp\/v2\/types\/post"}],"author":[{"embeddable":true,"href":"https:\/\/www.art-bsa.eu\/en\/wp-json\/wp\/v2\/users\/8"}],"replies":[{"embeddable":true,"href":"https:\/\/www.art-bsa.eu\/en\/wp-json\/wp\/v2\/comments?post=30016"}],"version-history":[{"count":3,"href":"https:\/\/www.art-bsa.eu\/en\/wp-json\/wp\/v2\/posts\/30016\/revisions"}],"predecessor-version":[{"id":30652,"href":"https:\/\/www.art-bsa.eu\/en\/wp-json\/wp\/v2\/posts\/30016\/revisions\/30652"}],"wp:featuredmedia":[{"embeddable":true,"href":"https:\/\/www.art-bsa.eu\/en\/wp-json\/wp\/v2\/media\/30653"}],"wp:attachment":[{"href":"https:\/\/www.art-bsa.eu\/en\/wp-json\/wp\/v2\/media?parent=30016"}],"wp:term":[{"taxonomy":"category","embeddable":true,"href":"https:\/\/www.art-bsa.eu\/en\/wp-json\/wp\/v2\/categories?post=30016"},{"taxonomy":"post_tag","embeddable":true,"href":"https:\/\/www.art-bsa.eu\/en\/wp-json\/wp\/v2\/tags?post=30016"}],"curies":[{"name":"wp","href":"https:\/\/api.w.org\/{rel}","templated":true}]}}