{"id":31966,"date":"2024-08-19T16:44:54","date_gmt":"2024-08-19T16:44:54","guid":{"rendered":"https:\/\/www.art-bsa.eu\/?p=31966"},"modified":"2024-08-26T12:47:53","modified_gmt":"2024-08-26T12:47:53","slug":"teden-umetniskih-presezkov","status":"publish","type":"post","link":"https:\/\/www.art-bsa.eu\/en\/2024\/08\/19\/teden-umetniskih-presezkov\/","title":{"rendered":"TEDEN UMETNI\u0160KIH PRESE\u017dKOV"},"content":{"rendered":"<div class=\"wpb-content-wrapper\"><div id=\"ut-row-69f268cac462f\" data-vc-full-width=\"true\" data-vc-full-width-init=\"false\" class=\"vc_row wpb_row vc_row-fluid vc_column-gap-0 ut-row-69f268cac463d\" ><div class=\"wpb_column vc_column_container vc_col-sm-12\" ><div id=\"ut_inner_column_69f268cac4df1\" class=\"vc_column-inner\" ><div class=\"wpb_wrapper\">\r\n<style type=\"text\/css\">\r\n\r\n    \r\n    #ut-empty-space-69f268cac4f52 {\r\n        height: 60px    }\r\n\r\n    \r\n        @media (min-width: 768px) and (max-width: 1200px) {\r\n        #ut-empty-space-69f268cac4f52 {\r\n        height: 60px;\r\n        display: block;\r\n    }\r\n    }\r\n    \r\n    \r\n    @media (max-width: 767px) {\r\n        #ut-empty-space-69f268cac4f52 {\r\n        height: 60px;\r\n        display: block;\r\n    }\r\n    }\r\n\r\n    \r\n<\/style>\r\n\r\n<div class=\"vc_empty_space\" id=\"ut-empty-space-69f268cac4f52\"><span class=\"vc_empty_space_inner\"><\/span><\/div><\/div><\/div><\/div><\/div><div class=\"vc_row-full-width vc_clearfix\"><\/div><div id=\"ut-row-69f268cac5656\" data-vc-full-width=\"true\" data-vc-full-width-init=\"false\" class=\"vc_row wpb_row vc_row-fluid vc_column-gap-0 ut-row-69f268cac565f\" ><div class=\"wpb_column vc_column_container vc_col-sm-6\" ><div id=\"ut_inner_column_69f268cac5ba9\" class=\"vc_column-inner\" ><div class=\"wpb_wrapper\">\r\n\t<div class=\"wpb_text_column wpb_content_element\" >\r\n\t\t<div class=\"wpb_wrapper\">\r\n\t\t\t<p>Media Si21.com<br \/>\nAvtorji: n. a.<br \/>\nDatum: Pon, 19. Avgust 2024<br \/>\nLink: <a href=\"https:\/\/www.si21.com\/Glasba\/teden-umetniskih-presezkov-\/\">TEDEN UMETNI\u0160KIH PRESE\u017dKOV &#8211; Novice o glasbi in glasbenih zvezdah &#8211; TEDEN UMETNI\u0160KIH PRESE\u017dKOV &#8211; Si21 &#8211; prvi slovenski portal<\/a><\/p>\n\r\n\t\t<\/div>\r\n\t<\/div>\r\n<\/div><\/div><\/div><div class=\"wpb_column vc_column_container vc_col-sm-6\" ><div id=\"ut_inner_column_69f268cac5fd5\" class=\"vc_column-inner\" ><div class=\"wpb_wrapper\">\r\n\t<div class=\"wpb_text_column wpb_content_element\" >\r\n\t\t<div class=\"wpb_wrapper\">\r\n\t\t\t<div class=\"dc-text-paragraph\">\n<p>Ljubljana Festivala bo koncert Zappa Day in Ljubljana, s katerim se bo zasedba poklonila priznanemu glasbeniku Franku Zappi. Dan kasneje v torek, 20. avgusta, si bodo ljubitelji baleta na Gala ve\u010deru svetovnih baletnih zvezd lahko ogledali najlep\u0161e odlomke klasi\u010dnega in sodobnega baleta. V sredo, 21. avgusta, bomo u\u017eivali v glasbi priljubljenih filmskih skladb, ki jih bo izvedel\u00a0Slovenski mladinski orkester\u00a0pod vodstvom dirigentke\u00a0\u017dive Ploj Per\u0161uh\u00a0in s solistom Laurijem Porro na elektri\u010dni bas kitari. Pester teden bomo zaklju\u010dili v petek, 23. avgusta, s koncertom Ota Pestnerja in njegovih dam. Za\u010detek naslednjega tedna pa bo zaznamoval odmeven koncert ob predstavitvi skladb z novega albuma zasedbe Bossa de Novo v sodelovanju s pianistom C\u00e9sarjem Camargom Marianom.<\/p>\n<p>[&#8230;]<\/p>\n<\/div>\n\r\n\t\t<\/div>\r\n\t<\/div>\r\n<\/div><\/div><\/div><\/div><div class=\"vc_row-full-width vc_clearfix\"><\/div><div id=\"ut-row-69f268cac67dc\" data-vc-full-width=\"true\" data-vc-full-width-init=\"false\" class=\"vc_row wpb_row vc_row-fluid vc_column-gap-0 ut-row-69f268cac67e5\" ><div class=\"wpb_column vc_column_container vc_col-sm-12\" ><div id=\"ut_inner_column_69f268cac6d1a\" class=\"vc_column-inner\" ><div class=\"wpb_wrapper\">\r\n\t<div class=\"wpb_text_column wpb_content_element\" >\r\n\t\t<div class=\"wpb_wrapper\">\r\n\t\t\t<div class=\"dc-text-paragraph\">\n<div class=\"dc-text-paragraph\">\n<p><em>POLETNI<\/em>\u00a0<em>VE\u010cER<\/em>\u00a0<em>OB<\/em>\u00a0<em>MELODIJAH<\/em>\u00a0<em>FILMSKIH<\/em>\u00a0<em>KLASIK<\/em>\u00a0(sreda, 21. 8. 2024, ob 20. 30, Poletno gledali\u0161\u010de Kri\u017eanke)<\/p>\n<p>V sredo, 21. avgusta, ob 20.30, bo Poletno gledali\u0161\u010de Kri\u017eank gostilo izjemen koncert, na katerem bo\u00a0Slovenski mladinski orkester\u00a0pod vodstvom ugledne dirigentke\u00a0\u017dive Ploj Per\u0161uh\u00a0predstavil izbor filmske glasbe. Zasedba, ki \u017ee ve\u010d let prina\u0161a sve\u017eino in mladostno energijo na Festival Ljubljana, bo izvedla program, ki zajema tako klasi\u010dne kot popularne skladbe iz najljub\u0161ih animiranih in igranih filmov ter fran\u0161iz. Izjemna dirigentka slovi po svoji predanosti mladim glasbenikom in pogosto sodeluje z vodilnimi slovenskimi orkestri, kar ji je prineslo mednarodno prepoznavnost in ugled.\u00a0Slovenski mladinski orkester, ki se je hitro uveljavil kot simbol slovenske kulture in \u010dlan Evropske federacije mladinskih orkestrov, je ustanovila leta 2019. Sestavljajo ga najperspektivnej\u0161i glasbeniki, stari od 16 do 26 let, ki prihajajo iz razli\u010dnih izobra\u017eevalnih okolij v Sloveniji in tujini. Poleg vrhunske izvedbe klasi\u010dne glasbe je orkester znan tudi po sodelovanju pri raznolikih projektih, kjer se klasika povezuje z drugimi glasbenimi zvrstmi. Na odru se jim bo pridru\u017eil priznani solist na elektri\u010dni kitari, Lauri Porra, ki skrbno prepleta klasi\u010dno in rock glasbo. Veliko izku\u0161enj ima na razli\u010dnih glasbenih podro\u010djih in za njim je \u017ee uspe\u0161na zgodovina mednarodnih sodelovanj. Dogodek bo moderiral Marcel \u0160tefan\u010di\u010d, priznani slovenski televizijski voditelj in publicist, znan po svojem obse\u017enem znanju o filmu, literaturi, glasbi in dru\u017ebenopoliti\u010dnih temah.<\/p>\n<p>Na koncertu bodo izvajali dela, ki so sooblikovala filmsko zgodovino. Med skladbami bo tudi srce parajo\u010d Intermezzo iz opere Kme\u010dka \u010dast (Cavalleria Rusticana) Pietra Mascagnija, ki je zaslovel v trilogiji Boter, ter Cvetli\u010dni val\u010dek iz Hresta\u010da Petra Ilji\u010da \u010cajkovskega, ki je vplival na mnoge filmske ustvarjalce. Program bo obogaten s sodobnimi deli, kot je koncert Entropia Laurija Porre, ter s slovenskimi filmskimi uspe\u0161nicami, ki so pomembno prispevale k slovenski glasbeni in filmski zapu\u0161\u010dini.<\/p>\n<p>\u017diva Ploj Per\u0161uh, dirigentka<\/p>\n<p>The Slovenian Youth Orchestra<\/p>\n<p>Lauri Porra, elektri\u010dna bas kitara<\/p>\n<p>Marcel \u0160tefan\u010di\u010d, moderator<\/p>\n<p>[&#8230;]<\/p>\n<\/div>\n<\/div>\n\r\n\t\t<\/div>\r\n\t<\/div>\r\n<\/div><\/div><\/div><\/div><div class=\"vc_row-full-width vc_clearfix\"><\/div>\n<\/div>","protected":false},"excerpt":{"rendered":"Medij: Si21.com Avtorji: n. a. Datum: Pon, 19. Avgust 2024 Povezava: TEDEN UMETNI\u0160KIH PRESE\u017dKOV - Novice o glasbi in glasbenih zvezdah - TEDEN UMETNI\u0160KIH PRESE\u017dKOV - Si21 - prvi slovenski portal Ljubljana Festivala bo koncert Zappa Day in Ljubljana, s katerim se bo zasedba poklonila priznanemu glasbeniku Franku Zappi. Dan kasneje v torek, 20. avgusta, [...]","protected":false},"author":8,"featured_media":31950,"comment_status":"closed","ping_status":"closed","sticky":false,"template":"","format":"standard","meta":{"footnotes":""},"categories":[143],"tags":[],"class_list":["post-31966","post","type-post","status-publish","format-standard","has-post-thumbnail","hentry","category-novice-si"],"_links":{"self":[{"href":"https:\/\/www.art-bsa.eu\/en\/wp-json\/wp\/v2\/posts\/31966","targetHints":{"allow":["GET"]}}],"collection":[{"href":"https:\/\/www.art-bsa.eu\/en\/wp-json\/wp\/v2\/posts"}],"about":[{"href":"https:\/\/www.art-bsa.eu\/en\/wp-json\/wp\/v2\/types\/post"}],"author":[{"embeddable":true,"href":"https:\/\/www.art-bsa.eu\/en\/wp-json\/wp\/v2\/users\/8"}],"replies":[{"embeddable":true,"href":"https:\/\/www.art-bsa.eu\/en\/wp-json\/wp\/v2\/comments?post=31966"}],"version-history":[{"count":1,"href":"https:\/\/www.art-bsa.eu\/en\/wp-json\/wp\/v2\/posts\/31966\/revisions"}],"predecessor-version":[{"id":31967,"href":"https:\/\/www.art-bsa.eu\/en\/wp-json\/wp\/v2\/posts\/31966\/revisions\/31967"}],"wp:featuredmedia":[{"embeddable":true,"href":"https:\/\/www.art-bsa.eu\/en\/wp-json\/wp\/v2\/media\/31950"}],"wp:attachment":[{"href":"https:\/\/www.art-bsa.eu\/en\/wp-json\/wp\/v2\/media?parent=31966"}],"wp:term":[{"taxonomy":"category","embeddable":true,"href":"https:\/\/www.art-bsa.eu\/en\/wp-json\/wp\/v2\/categories?post=31966"},{"taxonomy":"post_tag","embeddable":true,"href":"https:\/\/www.art-bsa.eu\/en\/wp-json\/wp\/v2\/tags?post=31966"}],"curies":[{"name":"wp","href":"https:\/\/api.w.org\/{rel}","templated":true}]}}